{"id":458,"date":"2012-05-03T03:11:55","date_gmt":"2012-05-03T01:11:55","guid":{"rendered":"http:\/\/birgits-blog.net\/?p=458"},"modified":"2012-05-03T03:21:04","modified_gmt":"2012-05-03T01:21:04","slug":"lesen-sie-in-dieser-folge-was-ich-an-ostern-machte-und-der-horrorfilm-im-gemusegarten","status":"publish","type":"post","link":"http:\/\/birgits-blog.net\/?p=458","title":{"rendered":"Lesen sie in dieser Folge: Was ich an Ostern machte und der Horrorfilm im Gem\u00fcsegarten"},"content":{"rendered":"<p>Also was ich an Ostern machte&#8230;<br \/>\n<a href=\"http:\/\/birgits-blog.net\/wp-content\/uploads\/2012\/05\/1-Ninja-und-sein-Capoeiralehrer.jpg\"><img loading=\"lazy\" src=\"http:\/\/birgits-blog.net\/wp-content\/uploads\/2012\/05\/1-Ninja-und-sein-Capoeiralehrer-300x225.jpg\" alt=\"\" title=\"1 Ninja und sein Capoeiralehrer\" width=\"300\" height=\"225\" class=\"aligncenter size-medium wp-image-455\" srcset=\"http:\/\/birgits-blog.net\/wp-content\/uploads\/2012\/05\/1-Ninja-und-sein-Capoeiralehrer-300x225.jpg 300w, http:\/\/birgits-blog.net\/wp-content\/uploads\/2012\/05\/1-Ninja-und-sein-Capoeiralehrer-1024x768.jpg 1024w, http:\/\/birgits-blog.net\/wp-content\/uploads\/2012\/05\/1-Ninja-und-sein-Capoeiralehrer.jpg 1844w\" sizes=\"(max-width: 300px) 100vw, 300px\" \/><\/a><\/p>\n<p><a href=\"http:\/\/birgits-blog.net\/wp-content\/uploads\/2012\/05\/2-Supermarkt-in-Brasilien.jpg\"><img loading=\"lazy\" src=\"http:\/\/birgits-blog.net\/wp-content\/uploads\/2012\/05\/2-Supermarkt-in-Brasilien-300x225.jpg\" alt=\"\" title=\"2 Supermarkt in Brasilien\" width=\"300\" height=\"225\" class=\"aligncenter size-medium wp-image-456\" srcset=\"http:\/\/birgits-blog.net\/wp-content\/uploads\/2012\/05\/2-Supermarkt-in-Brasilien-300x225.jpg 300w, http:\/\/birgits-blog.net\/wp-content\/uploads\/2012\/05\/2-Supermarkt-in-Brasilien-1024x768.jpg 1024w, http:\/\/birgits-blog.net\/wp-content\/uploads\/2012\/05\/2-Supermarkt-in-Brasilien.jpg 1844w\" sizes=\"(max-width: 300px) 100vw, 300px\" \/><\/a><\/p>\n<p><a href=\"http:\/\/birgits-blog.net\/wp-content\/uploads\/2012\/05\/3-Asai.jpg\"><img loading=\"lazy\" src=\"http:\/\/birgits-blog.net\/wp-content\/uploads\/2012\/05\/3-Asai-300x225.jpg\" alt=\"\" title=\"3 Asa\u00ed\" width=\"300\" height=\"225\" class=\"aligncenter size-medium wp-image-457\" \/><\/a><\/p>\n<p><a href=\"http:\/\/birgits-blog.net\/wp-content\/uploads\/2012\/05\/4-eine-Berimbao.jpg\"><img loading=\"lazy\" src=\"http:\/\/birgits-blog.net\/wp-content\/uploads\/2012\/05\/4-eine-Berimbao-276x300.jpg\" alt=\"\" title=\"4 eine Berimbao\" width=\"276\" height=\"300\" class=\"aligncenter size-medium wp-image-459\" srcset=\"http:\/\/birgits-blog.net\/wp-content\/uploads\/2012\/05\/4-eine-Berimbao-276x300.jpg 276w, http:\/\/birgits-blog.net\/wp-content\/uploads\/2012\/05\/4-eine-Berimbao-942x1024.jpg 942w\" sizes=\"(max-width: 276px) 100vw, 276px\" \/><\/a><\/p>\n<p><a href=\"http:\/\/birgits-blog.net\/wp-\ncontent\/uploads\/2012\/05\/5-ein-brasilianisches-Metalkonzert.jpg\"><img loading=\"lazy\" src=\"http:\/\/birgits-blog.net\/wp-content\/uploads\/2012\/05\/5-ein-brasilianisches-Metalkonzert-300x225.jpg\" alt=\"\" title=\"5 ein brasilianisches Metalkonzert\" width=\"300\" height=\"225\" class=\"aligncenter size-medium wp-image-460\" srcset=\"http:\/\/birgits-blog.net\/wp-content\/uploads\/2012\/05\/5-ein-brasilianisches-Metalkonzert-300x225.jpg 300w, http:\/\/birgits-blog.net\/wp-content\/uploads\/2012\/05\/5-ein-brasilianisches-Metalkonzert-1024x768.jpg 1024w, http:\/\/birgits-blog.net\/wp-content\/uploads\/2012\/05\/5-ein-brasilianisches-Metalkonzert.jpg 1844w\" sizes=\"(max-width: 300px) 100vw, 300px\" \/><\/a><\/p>\n<p><a href=\"http:\/\/birgits-blog.net\/wp-content\/uploads\/2012\/05\/6-eine-komische-Staude.jpg\"><img loading=\"lazy\" src=\"http:\/\/birgits-blog.net\/wp-content\/uploads\/2012\/05\/6-eine-komische-Staude-300x225.jpg\" alt=\"\" title=\"6 eine komische Staude\" width=\"300\" height=\"225\" class=\"aligncenter size-medium wp-image-461\" srcset=\"http:\/\/birgits-blog.net\/wp-content\/uploads\/2012\/05\/6-eine-komische-Staude-300x225.jpg 300w, http:\/\/birgits-blog.net\/wp-content\/uploads\/2012\/05\/6-eine-komische-Staude-1024x768.jpg 1024w, http:\/\/birgits-blog.net\/wp-content\/uploads\/2012\/05\/6-eine-komische-Staude.jpg 1844w\" sizes=\"(max-width: 300px) 100vw, 300px\" \/><\/a><\/p>\n<p><a href=\"http:\/\/birgits-blog.net\/wp-content\/uploads\/2012\/05\/7-Ninja-mit-Maestre-Arepiado.jpg\"><img loading=\"lazy\" src=\"http:\/\/birgits-blog.net\/wp-content\/uploads\/2012\/05\/7-Ninja-mit-Maestre-Arepiado-300x225.jpg\" alt=\"\" title=\"7 Ninja mit Maestre Arepiado\" width=\"300\" height=\"225\" class=\"aligncenter size-medium wp-image-462\" srcset=\"http:\/\/birgits-blog.net\/wp-content\/uploads\/2012\/05\/7-Ninja-mit-Maestre-Arepiado-300x225.jpg 300w, http:\/\/birgits-blog.net\/wp-content\/uploads\/2012\/05\/7-Ninja-mit-Maestre-Arepiado-1024x768.jpg 1024w, http:\/\/birgits-blog.net\/wp-content\/uploads\/2012\/05\/7-Ninja-mit-Maestre-Arepiado.jpg 1844w\" sizes=\"(max-width: 300px) 100vw, 300px\" \/><\/a><\/p>\n<p><a href=\"http:\/\/birgits-blog.net\/wp-content\/uploads\/2012\/05\/8-der-Acre-am-Abend.jpg\"><img loading=\"lazy\" src=\"http:\/\/birgits-blog.net\/wp-content\/uploads\/2012\/05\/8-der-Acre-am-Abend-300x225.jpg\" alt=\"\" title=\"8 der Acre am Abend\" width=\"300\" height=\"225\" class=\"aligncenter size-medium wp-image-463\" srcset=\"http:\/\/birgits-blog.net\/wp-content\/uploads\/2012\/05\/8-der-Acre-am-Abend-300x225.jpg 300w, http:\/\/birgits-blog.net\/wp-content\/uploads\/2012\/05\/8-der-Acre-am-Abend-1024x768.jpg 1024w, http:\/\/birgits-blog.net\/wp-content\/uploads\/2012\/05\/8-der-Acre-am-Abend.jpg 1844w\" sizes=\"(max-width: 300px) 100vw, 300px\" \/><\/a><\/p>\n<p>Da Ostern in der Sierra viel mehr gefeiert wird, ich aber keine Lust auf K\u00e4lte hatte und ich Ostern sowieso schon seit Jahren nicht mehr so richtig gefeiert habe, nahmen wir eine eint\u00e4gige Bus\/Autofahrt nach Rio Branco auf uns. Wir \u2013 das heisst Ninja und ich. Nach Brasilien wollte ich eh mal, Ninja wollte einen Capoeirameister besuchen und ich wollte mich vom traditionellen Ostermittelalterlager meiner Freunde in Deutschland ablenken. Also schlugen wir gleich mehrere Fliegen mit einer Klappe. Dabei drohte das ganze schon fast an der Grenze zu scheitern, weil die da behaupteten, ich h\u00e4tte gar keine Aufenthaltsberechtigung, da das 90Tagesvisum abgelaufen und nicht erneuert worden sei. Keine Ahnung, wof\u00fcr die den blauen Stempel hielten&#8230; f\u00fcr einen Poststempel? Nach Zweieinhalbstunden eisernen Wartens und keine Schw\u00e4che zeigens ging es dann aber doch weiter. Die haben da wirklich kein Durchhalteverm\u00f6gen. Ich hatte von 4 meinungsverst\u00e4rkenden Pl\u00e4nen gerade mal den ersten in die Tat umgesetzt.<br \/>\nWenn man \u00fcber die brasilianische Grenze f\u00e4hrt, fallen als erstes die riesigen weiten von Wiesen- und Weideland auf, fast wie am Niederrhein oder in Holland, wenn man von den paar Paranussb\u00e4umen mal absieht. Gegen 11 Uhr nachts kamen wir dann in Rio Branco an und gl\u00fccklicherweise ging Ninjas ehemaliger Capoeiralehrer Voador (Bild 1) tats\u00e4chlich ans Telefon, bei dem wir dann auch gleich die n\u00e4chsten 3 Tage wohnten.  Ab da f\u00fchlte ich mich dann wirklich wie in Holland. Brasilien \u00e4hnelt Europa n\u00e4hmlich viel mehr als Per\u00fa, sp\u00e4testens wenn man vergebens den Markt sucht und in den Supermarkt geht. Da war gerade f\u00fcr Ostern dekoriert und die Brasilianer scheinen auf S\u00fcsses zu stehen. Dass ich mich wie bei unseren Lieblingsnachbarn f\u00fchlte, lag allerdings vor allem daran, dass das Portugiesisch dem Spanischen genauso gleicht wie das Niederl\u00e4ndische dem Deutschen. Wie dort spitzte ich also sch\u00f6n die \u00d6hrchen und verstand sogar recht viel, bis ich mich nicht mehr konzentrieren konnte und ganz dem Asa\u00ed widmete (Bild 3). Dieses teuflischgute Puddingzeugs, mit dem ich mich an drei Abenden \u00fcberfrass, wird aus einer Palmfrucht gewonnen, hat irre viel Eisen und anderes Tolles, mindestens ebensoviele Kalorien und wird dort an jeder Ecke verkauft. Die ausfuhr der Samen ist verboten&#8230; Tsts, als h\u00e4tten die Peruaner nicht genauso coole Sachen&#8230;<br \/>\nRio Branco ist sehr sch\u00f6n und wir verbrachten den gr\u00f6ssten Teil der Zeit mit Rumlaufen. An sonsten kauften wir noch eine Berimbao, die ich auf Bild 4 gerade ausprobiere. Nein, das ist kein Bogen XD sondern ein Musikinstrument.<br \/>\nBild 5 ist das Beweissfoto, dass es in Brasilien Metal gibt, denn ausgerechnet an diesem Wochenende gab es ein Konzert. Naja, eigentlich war es ein Konzertchen,  aber das sagt ja nichts \u00fcber den Spass aus, den hatten wir n\u00e4mlich. lml -.- lml<br \/>\nBild 6 hat eigentlich keine Aussage und ist nur hier, weil ich die Pflanze so cool fand.<br \/>\nAm letzten Tag der Reise trafen wir dann endlich den Capoeirameister an, mit dem Ninja so gerne Plaudern wollte. Maestre Arepiado, ungef\u00e4hr Meister G\u00e4nsehaut. Ein sehr sympathischer Typ, der mich irgendwie an Brendan Frazer erinnerte. Ich verstand leider nicht viel von dem, was er sagte, aber seinen Widwenspitz fand ich faszinierend XD Ninja war jedenfalls glaube ich ganz gl\u00fccklich, obwohl man es ihm auf Bild 7 nicht umbedingt ansieht.<br \/>\nBild 8 zeigt den Fluss Acre, an dem wir st\u00e4ndig auf dem Weg zu Maestre Arepiados Haus entlangspaziert sind. Und wir haben tats\u00e4chlich Flussdelfine gesehen, obwohl die Bewebungen im Wasser nicht daf\u00fcr gehalten h\u00e4tte, wenn man es mir nicht gesagt h\u00e4tte.<\/p>\n<p>So, jetzt habt ihr ein ungef\u00e4hres Bild, was ich an Ostern gemacht habe. Kommen wir jetzt zum mit Sicherheit spannenderen, aber mit Sicherheit auch unsch\u00f6neren Teil dieses Blogeintrags. Kim, wenn du keine Albtr\u00e4ume haben und nach meiner R\u00fcckkehr noch mit mir befreundet sein willst, w\u00e4re es vielleicht gut, wenn du jetzt nicht weiterliest&#8230; An sonsten war es sch\u00f6n, dich gekannt zu haben.<br \/>\nDas war n\u00e4mlich so: Ich hatte ja irgendwann mal den Gem\u00fcsegarten erw\u00e4hnt, den wir aus Spass angelegt und wegen den H\u00fchnern eingez\u00e4unt hatten. Tja, dieses Projekt ist leider ein bisschen gescheitert, zum einen wegen dem gar nicht soo g\u00fcnstigen Standort (warum auch auf Luis h\u00f6ren?) und weil wir feststellten, dass das meiste Zeugs auch wunderbar auf der Chacra w\u00e4chst. (Jagut, ich gebs ja zu, wir waren auch einfach faul. Und mein \u201eBodend\u00fcngender-Bodendecker-gegen-das-Unkraut\u201c Experiment ist auch gescheitert, weil die kleeartige \u201eFuttererdnuss\u201c einfach alles \u00fcberwuchert.) So gr\u00fcbelte ich eines Tages im Zuge der \u201eAlles-sch\u00f6n-f\u00fcr-Herwald\u201c-Aktion dar\u00fcber nach, was man denn mit dieser Baustelle anstellen k\u00f6nnte. Felix widmete dem Ganzen einen Blick und meinte: Kaninchen. Das erschien uns beiden eine so geniale Idee, dass wir uns beim n\u00e4chsten mal auf der Feria gleich zwei Kaninchen zulegten: Freya braungecheckt und Satan wie es sich geh\u00f6rt schwarz. (Felix war eigentlich gegen die Namen von wegen \u201eIch will keine Haustiere sondern Essen\u201c, aber die Namen setzten sich doch durch.) Gut, das ganze war schon eine ziemlich \u00fcbereilte Aktion. Deswegen war uns wohl auch ein L\u00f6chlein im Zaun entgangen, duch das Freya die Wilde schon am ersten Abend verschwand. Am n\u00e4chsten Morgen entdeckte Luis sie dann auf dem Weg zum Klo und nach einer halbst\u00fcndigen Scheuchaktion lief sie mir dann in die Arme. Adrenalin! Besser ist wohl nur Wildschweine mit der Hand fangen.<br \/>\nDanach nahmen wir uns dann vor, das ganze mit ein bisschen mehr Herz anzugehen. Wir steckten den Zaun noch mal ganz genau ab und bauten auch ein wundersch\u00f6nes H\u00e4uschen in unserem \u201eZweckm\u00e4ssig und unproblematisch\u201c-Stil.<br \/>\nX <a href=\"http:\/\/birgits-blog.net\/wp-content\/uploads\/2012\/05\/Das-Haeusschen.jpg\"><img loading=\"lazy\" src=\"http:\/\/birgits-blog.net\/wp-content\/uploads\/2012\/05\/Das-Haeusschen-300x225.jpg\" alt=\"\" title=\"Kaninchenpalast ganz im Stile zweckm\u00e4ssig und unproblematisch des Jahres 2012\" width=\"300\" height=\"225\" class=\"aligncenter size-medium wp-image-465\" \/><\/a><br \/>\nDen Einzug erlebte Satan allerdings leider nicht mehr. Der lag vor der Fertigstellung um den halben Kopf beraubt im K\u00e4fig. Luis tippte auf rumstromernde Kater als \u00dcbelt\u00e4ter. Wir bliesen einen Moment tr\u00fcbsal, aber auch nur einen Moment. Unter den B\u00fcchern in unerer kleinen Freiwilligenbibliothek hier hatte ich mir n\u00e4mlich schon ganz am Anfang die Exemplare von R\u00fcdiger Nehberg rausgepickt und das Lesefieber hatte \u00fcber Anette dann schliesslich auch Felix angesteckt. Und der sah nun endlich seine Stunde gekommen, die Beschreibungen \u00fcber das Ausnehmen eines Tieres in die Tat umzusetzen. Ich war anfangs ein bisschen skeptisch, aber im Grunde hatte er ja recht. Wann kriegt man schon mal die Gelegenheit, ausnehmen an einem Tier zu \u00fcben, das man weder get\u00f6tet, noch von der Strasse gekratzt hat, von dem man ungef\u00e4hr weiss, wo es her kommt und dessen Augen einen zudem nicht traurig anstarren k\u00f6nnen. Zumindest das eine. Um das andere k\u00fcmmerte sich Felix Machete. Mit Nilos Hilfe und den Bildbeschreibungen des Buches immer daneben hingen wir Satan also in einer Baumgabel auf und zogen ihm das Fell ab. Das ist gar nicht so schwer, wenn man weiss, wie.<br \/>\n<a href=\"http:\/\/birgits-blog.net\/wp-content\/uploads\/2012\/05\/so-wirds-gemacht.jpg\"><img loading=\"lazy\" src=\"http:\/\/birgits-blog.net\/wp-content\/uploads\/2012\/05\/so-wirds-gemacht-300x225.jpg\" alt=\"\" title=\"so wirds gemacht\" width=\"300\" height=\"225\" class=\"aligncenter size-medium wp-image-471\" srcset=\"http:\/\/birgits-blog.net\/wp-content\/uploads\/2012\/05\/so-wirds-gemacht-300x225.jpg 300w, http:\/\/birgits-blog.net\/wp-content\/uploads\/2012\/05\/so-wirds-gemacht-1024x768.jpg 1024w, http:\/\/birgits-blog.net\/wp-content\/uploads\/2012\/05\/so-wirds-gemacht.jpg 1460w\" sizes=\"(max-width: 300px) 100vw, 300px\" \/><\/a><br \/>\n<a href=\"http:\/\/birgits-blog.net\/wp-content\/uploads\/2012\/05\/jap-ich-hab-auch-mit-geschnitten....jpg\"><img loading=\"lazy\" src=\"http:\/\/birgits-blog.net\/wp-content\/uploads\/2012\/05\/jap-ich-hab-auch-mit-geschnitten...-300x225.jpg\" alt=\"\" title=\"jap, ich hab auch mit geschnitten...\" width=\"300\" height=\"225\" class=\"aligncenter size-medium wp-image-472\" srcset=\"http:\/\/birgits-blog.net\/wp-content\/uploads\/2012\/05\/jap-ich-hab-auch-mit-geschnitten...-300x225.jpg 300w, http:\/\/birgits-blog.net\/wp-content\/uploads\/2012\/05\/jap-ich-hab-auch-mit-geschnitten...-1024x768.jpg 1024w, http:\/\/birgits-blog.net\/wp-content\/uploads\/2012\/05\/jap-ich-hab-auch-mit-geschnitten....jpg 1460w\" sizes=\"(max-width: 300px) 100vw, 300px\" \/><\/a><br \/>\n<a href=\"http:\/\/birgits-blog.net\/wp-content\/uploads\/2012\/05\/die-Huelle-ist-gefallen.jpg\"><img loading=\"lazy\" src=\"http:\/\/birgits-blog.net\/wp-content\/uploads\/2012\/05\/die-Huelle-ist-gefallen-300x225.jpg\" alt=\"\" title=\"die H\u00fclle ist gefallen\" width=\"300\" height=\"225\" class=\"aligncenter size-medium wp-image-466\" \/><\/a><br \/>\nDanach gab es dann noch eine Unterrichtsstunde in Organkunde. Und am n\u00e4chsten Tag ein Festessen mit Ensalada Russa, Reis, Kartoffeln, Yuka und nat\u00fcrlich Kaninchen aus dem Lehmofen. Das d\u00fcnne Gerippe da in der Form tat einem schon irgendwie leid. Aber ich musste mich halb kaputt lachen, als Felix das mit dem Satansbraten auffiel. Und ja, ich habe auch mitgegessen. Drei winzigkleine St\u00fcckchen. Schliesslich musste ich ja nun auch zu meinem Wort stehen, das ich in so vielen Diskussionen mit Antivegetariern gegeben hatte. Danke, Samy.<br \/>\nDas war also das mit Satan. Weil wir dann aber fanden, dass Freya allein ein bisschen einsam ist in dem grossen Stall, kauften wir uns gleich am n\u00e4chsten Wochenende zwei neue. Diesmal recht kleine. Gabriel mit \u00e4hnlicher Fellf\u00e4rbung wie die Grosse und Kriemhild vom M\u00fchlengrunde. Man braucht doch eine Quotenadelige und das passte irgendwie zu der Weissen mit hellbraunen Flecken.<br \/>\nAn diesem Tag lernte Felix, dass die Brutalit\u00e4t der Kaninchenk\u00e4mpfe in Watership Down nicht nur der Fantasie einiger kranker Kinderserienmacher entsprungen ist. Gabriel fehlte n\u00e4mlich schon nach wenigen Stunden ein St\u00fcck Ohr und etwas Fell, was wohl auf Freyas Kappe ging. Frustrierender war aber noch, dass die Adelige auch nach einer halben Stunde Suchens noch nicht aufgetaucht war. Ich w\u00e4hnte schon ein weiteres \u00fcbersehenes klitzekleines Loch. Noch etwas unsch\u00f6ner wurde es aber am Abend&#8230; wir hatten uns n\u00e4mlich leider etwas l\u00e4nger in der K\u00fcche verquatscht, und als wir gegen 10 die Kaninchen reinsetzten wollten, war von einem kleinen nur ein Bein und der Magen zu finden. Zumindest das, was davon \u00fcbrig war, nachdem Felix reintrat. Merkw\u00fcrdigerweise war das Fell am Bein ziemlich weiss. Gabriel hatte zwar weisse stellen, aber ein ganzes Bein? Nunja, muss wohl, denn kurz darauf erschreckte uns Kriemhild h\u00f6llisch, als sie durch den K\u00e4fig hoppelte. Sie hatte noch alle Beine und nur eine kleine Fleischwunde am R\u00fccken. Schon alles ziemlich unheimlich. Und mal wieder war das Weibchen intelligenter. Nunja, egal. Auf die passten wir dann die n\u00e4chsten Tage besser auf, die Wunde wurde mit Schwedenkr\u00e4utern versorgt und sie schlief bei uns in den Zimmern, bis wir auch f\u00fcr sie eine alte Kiste recycled und ein St\u00fcck K\u00e4fig abgetrennt hatten. Das mit dem Verschwinden und an anderer Stelle wieder auftauchen schaffte sie danach \u00fcbrigens nochmals&#8230; Wir gingen \u00fcbrigens mal davon aus, dass Freya nicht dazu in der lage war, ein Kaninchen bis auf den Magen aufzufressen und beschuldigten wieder den Kater. Ach war das noch sch\u00f6n, als die Kaninchen aus offenkundig ersichtlichen Gr\u00fcnden starben. Wir investierten noch ein bisschen mehr Energie und Zeit und setzten auf den Zaun eine weitere Etage drauf.<br \/>\n<a href=\"http:\/\/birgits-blog.net\/wp-content\/uploads\/2012\/05\/Hochsicherheitskaefig.jpg\"><img loading=\"lazy\" src=\"http:\/\/birgits-blog.net\/wp-content\/uploads\/2012\/05\/Hochsicherheitskaefig-225x300.jpg\" alt=\"\" title=\"Hochsicherheitsk\u00e4fig\" width=\"225\" height=\"300\" class=\"aligncenter size-medium wp-image-469\" \/><\/a><br \/>\n Jetzt sollte der Kater es noch mal versuchen&#8230;<br \/>\nTat er nicht. Kurz darauf war das weisse Kaninchen n\u00e4mlich nochmals entschwunden, als ich morgens die T\u00fcr des H\u00e4usschens \u00f6ffnete. Allerdings nicht k\u00f6rperlich. Keine Ahung, woran das gestorben sein k\u00f6nnte. Und als Felix dann abends das letzte, erste und \u00e4lteste Kaninchen reinsetzen wollte, da war auch Freya entschlafen&#8230; Da waren wir dann irgendwie lustlos und zu faul, noch L\u00f6cher zu graben. Ganz kindisch schmissen wir sie ins Geb\u00fcsch. Nat\u00fcrlich fand der Hund eins und das Knochenknacken und der Geruch verfolgten Felix noch eine Weile. Mich nicht, ich hatte mal wieder die Nase zu.<br \/>\nIch denke, wir sind beide sehr froh, dass wir jetzt erst mal unterwegs sind und uns nicht mit dem lehren Hochsicherheitsk\u00e4fig auseinandersetzten m\u00fcssen. Das Ecocentro ist ein Paradies, vor allem wenn man es von unserer Dusche aus betrachtet, die schon von mehreren Besuchern zur sch\u00f6nsten Per\u00fas gek\u00fcrt w\u00fcrde, doch f\u00fcr einige Tiere ist das hier wohl nicht der rechte Fleck. Naja, denken wir lieber an die sch\u00f6nen Sachen. Hier noch ein paar Bilder von unserer Dusche.<br \/>\n<a href=\"http:\/\/birgits-blog.net\/wp-content\/uploads\/2012\/05\/Die-schoenste-Dusche-Perus-1.jpg\"><img loading=\"lazy\" src=\"http:\/\/birgits-blog.net\/wp-content\/uploads\/2012\/05\/Die-schoenste-Dusche-Perus-1-300x225.jpg\" alt=\"\" title=\"Die sch\u00f6nste Dusche Per\u00fas 1\" width=\"300\" height=\"225\" class=\"aligncenter size-medium wp-image-467\" \/><\/a><br \/>\n<a href=\"http:\/\/birgits-blog.net\/wp-content\/uploads\/2012\/05\/Die-schoenste-Dusche-Perus-2.jpg\"><img loading=\"lazy\" src=\"http:\/\/birgits-blog.net\/wp-content\/uploads\/2012\/05\/Die-schoenste-Dusche-Perus-2-300x225.jpg\" alt=\"\" title=\"Die sch\u00f6nste Dusche Per\u00fas 2\" width=\"300\" height=\"225\" class=\"aligncenter size-medium wp-image-468\" \/><\/a><br \/>\nAn sonsten hatten wir noch wieder Besuch von Herwald von der finanzierenden Organisation in Deutschland. Dieses mal hatten wir richtig geackert auf Chacra und Gel\u00e4nde und so war er auch einigermassen zufrieden (Die Chacra sieht jetzt \u00fcbrigens tats\u00e4chlich klasse aus, werde unter die Chacra bald mal ein paar Bilder rein stellen). Bei seinem letzten Besuch hier im Dezember war ja alles gerade ein wenig chaotisch. Ausserdem hatte ich auch endlich mal die Gelegenheit, mich ein bisschen mit ihm \u00fcber \u00f6kologische Landwirtschaft in den Tropen zu unterhalten und dies verschaffte mir ganz neue Eindr\u00fccke und Erkenntnisse.<br \/>\nAn sonsten verbrachten wir die Zeit wohl in halbwegs froher Erwartung unserer Familien, wovon ihr dann beim n\u00e4chsten mal lest.<br \/>\nF\u00fcr das Exotarium ist mir auch noch so gerade etwas eingefallen, und zwar diese Bromelienverwandte hier:<br \/>\n<a href=\"http:\/\/birgits-blog.net\/wp-content\/uploads\/2012\/05\/Pina.jpg\"><img loading=\"lazy\" src=\"http:\/\/birgits-blog.net\/wp-content\/uploads\/2012\/05\/Pina-225x300.jpg\" alt=\"\" title=\"Pi\u00f1a\" width=\"225\" height=\"300\" class=\"aligncenter size-medium wp-image-470\" \/><\/a><br \/>\nVon denen gibt es zig verschiedene Ausf\u00fchrungen in beispielsweise der Gr\u00f6ssse \u2013 von dreissig Zentimetern bis 1,5 Metern in der Horizontalen -, der Farbe der Bl\u00e4tter und auch der Stachelbewertheit. Alle haben sie aber gemeinsam, dass sie das Regenwasser mithilfe der Bl\u00e4tter in ihrem, Zentrum sammeln und davon dann auch in trockeneren Zeiten zehren k\u00f6nnen. Wer ein guter Beobachter ist, hat auch schon erkannt, welchen Teil man in der Regel verzehrt: Die Ananasfrucht.<br \/>\n<a href=\"http:\/\/birgits-blog.net\/wp-content\/uploads\/2012\/05\/Ananas.jpg\"><img loading=\"lazy\" src=\"http:\/\/birgits-blog.net\/wp-content\/uploads\/2012\/05\/Ananas-225x300.jpg\" alt=\"\" title=\"Ananas\" width=\"225\" height=\"300\" class=\"aligncenter size-medium wp-image-464\" srcset=\"http:\/\/birgits-blog.net\/wp-content\/uploads\/2012\/05\/Ananas-225x300.jpg 225w, http:\/\/birgits-blog.net\/wp-content\/uploads\/2012\/05\/Ananas-768x1024.jpg 768w, http:\/\/birgits-blog.net\/wp-content\/uploads\/2012\/05\/Ananas.jpg 1383w\" sizes=\"(max-width: 225px) 100vw, 225px\" \/><\/a><br \/>\nAbgesehen davon, dass diese grossen Fr\u00fcchte sehr lecker sind, sind sie auch noch sehr gesund. Auch soll sie beim Abnehmen Wunder wirken, das d\u00fcrfte allerdings eher auf die entw\u00e4ssernde Eigenschaft zur\u00fcckzuf\u00fchren sein. Den Strunk oben an der Frucht (ebenso wie die Ableger) kann man zur Anzucht benutzen, wenn man ihn sauber vom Fruchtfleisch befreit und zwei Zentimeter in Erde eingr\u00e4bt. Aus eigener Erfahrung weiss ich, dass das sogar in Deutschland recht gut klappt, nur danach wird es mit dem am Leben erhalten etwas schwierig mangels eines Tropenhauses.<br \/>\nWem irgendwann mal eine Bioananas in die Hand fallen sollte, kann ein leckeres Erfischungsgetr\u00e4nk herstellen, indem er die Schale ungef\u00e4hr 10 Minuten in Wasser auskocht und dann abk\u00fchlen l\u00e4sst. Schale abseihen und fertig, braucht nichtmal Zucker.<br \/>\nBei dem Bild handelt es sich \u00fcbrigens um eine Zwergananas, aber das ist wahrscheinlich keinem aufgefallen, oder?<br \/>\nSo, das wars schon wieder. Das n\u00e4chste mal h\u00f6rt ihr von mir wohl so in ungef\u00e4hr einem Monat, dann gibt es wieder ein Urlaubsspecial.<br \/>\nLieben Gruss bis dahin!<\/p>\n","protected":false},"excerpt":{"rendered":"<p>Also was ich an Ostern machte&#8230; Da Ostern in der Sierra viel mehr gefeiert wird, ich aber keine Lust auf K\u00e4lte hatte und ich Ostern sowieso schon seit Jahren nicht mehr so richtig gefeiert habe, nahmen wir eine eint\u00e4gige Bus\/Autofahrt nach Rio Branco auf uns. Wir \u2013 das heisst Ninja und ich. Nach Brasilien wollte [&hellip;]<\/p>\n","protected":false},"author":1,"featured_media":0,"comment_status":"open","ping_status":"open","sticky":false,"template":"","format":"standard","meta":[],"categories":[6,8],"tags":[],"_links":{"self":[{"href":"http:\/\/birgits-blog.net\/index.php?rest_route=\/wp\/v2\/posts\/458"}],"collection":[{"href":"http:\/\/birgits-blog.net\/index.php?rest_route=\/wp\/v2\/posts"}],"about":[{"href":"http:\/\/birgits-blog.net\/index.php?rest_route=\/wp\/v2\/types\/post"}],"author":[{"embeddable":true,"href":"http:\/\/birgits-blog.net\/index.php?rest_route=\/wp\/v2\/users\/1"}],"replies":[{"embeddable":true,"href":"http:\/\/birgits-blog.net\/index.php?rest_route=%2Fwp%2Fv2%2Fcomments&post=458"}],"version-history":[{"count":3,"href":"http:\/\/birgits-blog.net\/index.php?rest_route=\/wp\/v2\/posts\/458\/revisions"}],"predecessor-version":[{"id":474,"href":"http:\/\/birgits-blog.net\/index.php?rest_route=\/wp\/v2\/posts\/458\/revisions\/474"}],"wp:attachment":[{"href":"http:\/\/birgits-blog.net\/index.php?rest_route=%2Fwp%2Fv2%2Fmedia&parent=458"}],"wp:term":[{"taxonomy":"category","embeddable":true,"href":"http:\/\/birgits-blog.net\/index.php?rest_route=%2Fwp%2Fv2%2Fcategories&post=458"},{"taxonomy":"post_tag","embeddable":true,"href":"http:\/\/birgits-blog.net\/index.php?rest_route=%2Fwp%2Fv2%2Ftags&post=458"}],"curies":[{"name":"wp","href":"https:\/\/api.w.org\/{rel}","templated":true}]}}