{"id":262,"date":"2011-10-26T01:01:14","date_gmt":"2011-10-25T23:01:14","guid":{"rendered":"http:\/\/birgits-blog.net\/?p=262"},"modified":"2011-10-26T01:23:02","modified_gmt":"2011-10-25T23:23:02","slug":"ein-kleines-lebenszeichen-zwischendurch","status":"publish","type":"post","link":"http:\/\/birgits-blog.net\/?p=262","title":{"rendered":"Ein kleines Lebenszeichen zwischendurch"},"content":{"rendered":"<p>Tja, was soll ich sagen, der PC ist immer noch nicht fitt. Der Komputerfritze, in dessen Obhut wir ihn gaben entpuppte sich als etwas unkoordinierter Tr\u00f6dler, obwohl er anfangs recht vielversprechend wirkte. Daher wieder bloss ein schn\u00f6der kurzer Eintrag ohne Bilder. Das macht echt keinen Spass -.-<br \/>\nAlso, was ist so passiert?<br \/>\nLetzte Woche haben wir auf der Chacra gearbeitet und auch ein bisschen im \u00d6kozentrum selbst. Darauf gehe ich aber noch genauer ein wenn ich endlich die Bilder der Camera habe und einen vern\u00fcnftigen Eintrag unter das Projekt schreiben kann.<br \/>\nAm Mittwoch abend haben wir mit Naif peruanisch gekocht. Hm, dazu wollte ich aber eigentlich auch noch einen eigenen, geb\u00fchrenden Eintrag verfassen\u2026 Nur schon mal so viel: Es war irre lecker!<br \/>\nAm Samstag (nach dem traditionellen Wocheneinkauf auf der Feria) hab ich endlich mal die Telefonkarten hier ausprobiert und mit meinen Eltern telefoniert. Das geht echt erstaunlich gut! Bei den meisten Festnetztelefonen Deutschlands kosten knapp 1 \u00bd Stunden 10 Soles, umgerechnet 2, 50\u20ac. Das finde ich bei der Entfernung gar nicht schlecht und \u00fcber die Qualit\u00e4t kann man auch nicht klagen. Danach wollte ich eigentlich Marco eigentlich nur kurz seine Kamera zur\u00fcck bringen, er hatte mich n\u00e4mlich am Abend zuvor gebeten ein paar Fotos zu schiessen w\u00e4hrend sie in der Bar spielen. Das tun sie n\u00e4mlich bis Dezember jeden Freitag, hatte ich das schon erw\u00e4hnt? Und hatte ich auch erw\u00e4hnt wie gut sie sind? Wenn wir in Cusco sind muss ich mal ein Video rein stellen\u2026 Naja egal jedenfalls wie der Marco so ist hat er mich nat\u00fcrlich gleich ins Haus gezogen und ich habe beim Kochen geholfen. Erst am fr\u00fchen Abend konnte ich mich wieder los eisen\u2026 Das wird wohl zur Tradition.<br \/>\nAm Sonntag waren wir dann spontan endlich mal reiten. Da war n\u00e4mlich der Felix ganz heiss drauf und so hat er Clara gel\u00f6chert, wo man sowas machen k\u00f6nnte, bis sie vorgeschlagen hat mit uns und dem Rafo zu einer Art Hof zu fahren. Wenn ich das richtig verstanden habe ist so eine Art Viezuchtzentrum. Es stellte sich heraus, dass Rafo dort sogar schon mal einige Zeit gewohnt und geholfen hatte. Jedenfalls haben wir auf einem weiss-grauen Pferd namens Rayo (Blitz) dann unsere ersten Versuche unternommen. Zu Hause hatte ich mich nie wirklich f\u00fcr Pferde interessiert und auch dieses hier hat mich zun\u00e4chst nicht wirklich umgehauen, aber als ich dann mal den Dreh raus hatte und es etwas schneller gelaufen ist (von Galopp wage ich noch nicht zu reden) war es dann doch schon spannender. Ich h\u00e4tte nicht gedacht, dass es so schwierig ist sich bei dem Gehoppel fest zu halten. Nun ja, vermutlich nur Gewohnheitssache. Und die Gewohnheit hat sich sicher bald eingestellt, Felix ist n\u00e4mlich immer noch ganz begeistert. Mal sehen, wie das weiter geht\u2026 Danach haben wir uns dann noch ein bisschen das Gel\u00e4nde angesehen und sind in der Stadt was essen gegangen.<br \/>\nAbends haben wir mit Naif auf einen Film auf dem Laptop geschaut.  \u201cJumpers\u201d auf spanisch mit spanischem Untertitel. Ich hatte ihn schon mal gesehen und er war leider nicht besser und tiefgr\u00fcndiger als beim ersten mal aber so viel das verstehen sehr leicht und das gesprochene Spanisch war \u00fcberhaupt sehr gut zu verstehen. Das ist n\u00e4mlich leider bisher noch mein gr\u00f6sstes Problem. Nach f\u00fcnf Jahren in der Volkshochschule kann ich recht gut sprechen und auch im Lesen bin ich fit, aber mein H\u00f6rverst\u00e4ndniss ist unter aller Sau\u2026 In dem Punkt erg\u00e4nze ich mich daf\u00fcr Prima mit Felix, wegen den mitgeh\u00f6rten Gespr\u00e4chen seiner costaricanischen Freundin mit dessen Mutter versteht er ziemlich gut, daf\u00fcr hapert es beim Reden noch. Hoffentlich sind wir in einem Jahr auf einem Niveau, und zwar ganz oben. \ud83d\ude09<\/p>\n<p>So, denke, das reicht erst mal. Ich hoffe ihr nehmt mir die vielen Rechtschreibfehler nicht \u00fcbel, ich war doch etwas in Eile und das spanische Word arbeitet gegen mich.. Das hat doch tats\u00e4chlich Autokorrektur.<br \/>\nLieben Gruss aus der Ferne!<\/p>\n","protected":false},"excerpt":{"rendered":"<p>Tja, was soll ich sagen, der PC ist immer noch nicht fitt. Der Komputerfritze, in dessen Obhut wir ihn gaben entpuppte sich als etwas unkoordinierter Tr\u00f6dler, obwohl er anfangs recht vielversprechend wirkte. Daher wieder bloss ein schn\u00f6der kurzer Eintrag ohne Bilder. Das macht echt keinen Spass -.- Also, was ist so passiert? Letzte Woche haben [&hellip;]<\/p>\n","protected":false},"author":1,"featured_media":0,"comment_status":"closed","ping_status":"open","sticky":false,"template":"","format":"standard","meta":[],"categories":[8],"tags":[],"_links":{"self":[{"href":"http:\/\/birgits-blog.net\/index.php?rest_route=\/wp\/v2\/posts\/262"}],"collection":[{"href":"http:\/\/birgits-blog.net\/index.php?rest_route=\/wp\/v2\/posts"}],"about":[{"href":"http:\/\/birgits-blog.net\/index.php?rest_route=\/wp\/v2\/types\/post"}],"author":[{"embeddable":true,"href":"http:\/\/birgits-blog.net\/index.php?rest_route=\/wp\/v2\/users\/1"}],"replies":[{"embeddable":true,"href":"http:\/\/birgits-blog.net\/index.php?rest_route=%2Fwp%2Fv2%2Fcomments&post=262"}],"version-history":[{"count":2,"href":"http:\/\/birgits-blog.net\/index.php?rest_route=\/wp\/v2\/posts\/262\/revisions"}],"predecessor-version":[{"id":264,"href":"http:\/\/birgits-blog.net\/index.php?rest_route=\/wp\/v2\/posts\/262\/revisions\/264"}],"wp:attachment":[{"href":"http:\/\/birgits-blog.net\/index.php?rest_route=%2Fwp%2Fv2%2Fmedia&parent=262"}],"wp:term":[{"taxonomy":"category","embeddable":true,"href":"http:\/\/birgits-blog.net\/index.php?rest_route=%2Fwp%2Fv2%2Fcategories&post=262"},{"taxonomy":"post_tag","embeddable":true,"href":"http:\/\/birgits-blog.net\/index.php?rest_route=%2Fwp%2Fv2%2Ftags&post=262"}],"curies":[{"name":"wp","href":"https:\/\/api.w.org\/{rel}","templated":true}]}}