{"id":258,"date":"2011-10-11T20:29:59","date_gmt":"2011-10-11T18:29:59","guid":{"rendered":"http:\/\/birgits-blog.net\/?p=258"},"modified":"2012-04-11T03:24:51","modified_gmt":"2012-04-11T01:24:51","slug":"wie-ich-dann-doch-malaria-und-dengue-entgangen-bin","status":"publish","type":"post","link":"http:\/\/birgits-blog.net\/?p=258","title":{"rendered":"Wie ich dann doch Malaria und Dengue entgangen bin"},"content":{"rendered":"<p>Ja, heute leider mal ein Eintrag ohne Bilder und wie es der Zeit nach aussieht leider auch ziemlich kurz und improvisiert&#8230; Leider hatte unser Laptop wohl einen kurzschluss oder sowas und nun funktionieren die USB-Anschl\u00fcsse nicht mehr. Das heisst, kein entspanntes Vorschreiben in der H\u00e4ngematte.. Aber Problembehebung ist in Arbeit.<br \/>\nAlso zur viesen Sache. Ich hatte im letzten Eintrag ja schon erw\u00e4hnt, dass ich mich etwas matt f\u00fchlte&#8230; Den Eintrag hab ich am Mittwoch geschrieben und das war auch just der Tag, an dem Vormittags die Gliederschmerzen begannen, mir ein bisschen schwindelig zu mute wurde und ich so ab 4 Uhr ein h\u00fcbsches Fieberchen mit Sch\u00fcttelfrost und all dem bekam. Ich kann mich nicht erinnern, wann ich sowas zuletzt in Deutschland hatte.<br \/>\nFelix arbeitete derweil auf der Chacra vom Pedro und der und Clara erz\u00e4hlten ihm, dass Malaria sich dadurch \u00e4ussert, dass man einen Tag ein paar Stunden hohes Fieber hat und am Tag darauf zur selben Zeit noch h\u00f6heres Fieber.<br \/>\nGegen halb 7 kamen dann unsere Deutschsch\u00fclerinnen, die mir an die Stirn fassten und fest davon \u00fcberzeugt waren, es w\u00e4re Dengue. Ich nahm eine Paracetamol und d\u00f6ste ein weilchen vor mich hin, w\u00e4hrend Felix allein den Unterricht machen musste. Am sp\u00e4teren Abend ging es mir dann besser und ich konnte endlich schlafen. Tja, und am n\u00e4chsten Morgen stellte ich fest, dass ich mich nur noch schlapp f\u00fchlte&#8230; Doch Malaria? Zugegebenermassen war ich ein bisschen \u00e4ngstlich und verbrachte einfach mal den ganzen Tag im Bett.<br \/>\n(Da ich den Schamanen ja nun leider aus hatte griff ich nach einem Buch aus den \u00fcbrigens erstaunlich gut ausger\u00fcsteten B\u00fccherregalen im Haupthaus. Generationen von charakterlich scheinbar sehr \u00e4hnlichen Freiwilligen haben hier \u00d6kologie- und Spanischlernb\u00fccher hinterlassen. Auch einige von R\u00fcdiger Nehberg sind zu meiner Freude darunter und viele doppelte Reisef\u00fchrer. Genug Material f\u00fcr die Regenzeit. Ich entschied mich f\u00fcr Jurassic Park und stellte nach 100 Seiten fest, dass \u00fcber 150 Seiten fehlten&#8230; Sehr frustrierend!)<br \/>\nBei der Gelegenheit habe ich mir auch vorgenommen mir bei Zeiten mal eine neue Matratze zu g\u00f6nnen, zeitweise waren die R\u00fcckenschmerzen n\u00e4mlich schlimmer als der Schw\u00e4cheanfall.<br \/>\nNuja, was soll ich sagen, 4 Uhr kam und 4 Uhr ging und es geschah nichts! Puh!!! Die Erk\u00e4ltungen hier sind wirklich sehr merkw\u00fcrdig, zumal ich heute eine knappe Woche sp\u00e4ter die Grippe schon fast los bin. Faszinierend!<br \/>\nTrotzdem hab ich ein bisschen Respekt gelernt und werde in Zukunft mit dem M\u00fcckenspray noch gr\u00fcndlicher sein XD<br \/>\nTja und was war sonst noch? Naja Felix ist dann am Wochenende alleine nach Cusco in die K\u00e4lte gefahren weil ich es doch nicht riskieren wollte mit der Erk\u00e4ltung. Ich habe mich dann am Samstag erst mal meinem Bank-Problemchen gestellt, was sich \u00fcberraschend schnell in Wohlgefallen aufl\u00f6ste und bin anschliessend die Potsiwafamilie (ich kenn den Nachnamen gar nicht, *sch\u00e4m*) besuchen gegangen und hab dort den Tag zugebracht. Abends haben die Jungs auf dem Plaza de Amas Capoeira vorgef\u00fchrt um mehr Interessenten f\u00fcr die Schule zu bekommen. Das ist echt irre! Ich hab ein paar kleine Videos gedreht, wenn ich mal in Cusco bin kann ich die vielleicht bei Youtube rein stellen, hier d\u00fcrfte das Netz wohl Jahre brauchen. Das muss man echt gesehen haben. Interesse habe ich auf jeden fall^^ Vielleicht kommen wir in der n\u00e4chsten Zeit mal dazu das als regelm\u00e4ssiges Hobby einzurichten.<br \/>\nAbends war dann der Adriano noch so lieb mich nach Hause zu bringen (auf einem Motorrad ohne Licht, hehe) und ich war so lieb und hab noch unsere letzte Copuazu-Tassen-Schokolade gemacht^^<br \/>\nAm Sonntag hab ich ein bisschen gezwungener massen bei einer kleinen Versammlung das \u00d6kozentrum betreffend auf unserer Terasse zugeh\u00f6rt und am Nachmittag dann *Fanfahren bitte* meine erste eigene Tin-Whistle gebaut. Und sie klingt eigentlich ganz gut^^ Muss euch bei n\u00e4chster Gelegenheit mal ein Foto nachreichen! *Stolz*<br \/>\nTja und sonst ist man halt immer irgendwie besch\u00e4ftigt. Unser Gem\u00fcsegarten macht grosse Fortschritte, heute haben wir ihn gegen die H\u00fchner eingez\u00e4unt und auch unsere Dusche ist vom Laub befreit und hat, oh Luxus, eine Wand, und zwar aus Palmbl\u00e4ttern. Ist das nicht romantisch? Fotos folgen in K\u00fcrze&#8230;<br \/>\n\u00dcbrigens merkt man nun auch schon langsam etwas von der Regenzeit. Bis jetzt ist es aber noch nicht unangenehm, da sie die Trockenheit und Hitze mildert und uns zudem Arbeitsfreie Vor- oder Nachmittage beschert.<br \/>\nDieser Eintrag hat nun 50 Minuten und knapp 2 Soles verschlungen, aber f\u00fcr euch ist mir ja nichts zu teuer. Trotzdem komme ich jetzt mal zum Ende um noch ein paar andere Kontakte zu Pflegen.<br \/>\nLiebe Gr\u00fcsse!<\/p>\n","protected":false},"excerpt":{"rendered":"<p>Ja, heute leider mal ein Eintrag ohne Bilder und wie es der Zeit nach aussieht leider auch ziemlich kurz und improvisiert&#8230; Leider hatte unser Laptop wohl einen kurzschluss oder sowas und nun funktionieren die USB-Anschl\u00fcsse nicht mehr. Das heisst, kein entspanntes Vorschreiben in der H\u00e4ngematte.. Aber Problembehebung ist in Arbeit. Also zur viesen Sache. Ich [&hellip;]<\/p>\n","protected":false},"author":1,"featured_media":0,"comment_status":"open","ping_status":"open","sticky":false,"template":"","format":"standard","meta":[],"categories":[8],"tags":[],"_links":{"self":[{"href":"http:\/\/birgits-blog.net\/index.php?rest_route=\/wp\/v2\/posts\/258"}],"collection":[{"href":"http:\/\/birgits-blog.net\/index.php?rest_route=\/wp\/v2\/posts"}],"about":[{"href":"http:\/\/birgits-blog.net\/index.php?rest_route=\/wp\/v2\/types\/post"}],"author":[{"embeddable":true,"href":"http:\/\/birgits-blog.net\/index.php?rest_route=\/wp\/v2\/users\/1"}],"replies":[{"embeddable":true,"href":"http:\/\/birgits-blog.net\/index.php?rest_route=%2Fwp%2Fv2%2Fcomments&post=258"}],"version-history":[{"count":2,"href":"http:\/\/birgits-blog.net\/index.php?rest_route=\/wp\/v2\/posts\/258\/revisions"}],"predecessor-version":[{"id":450,"href":"http:\/\/birgits-blog.net\/index.php?rest_route=\/wp\/v2\/posts\/258\/revisions\/450"}],"wp:attachment":[{"href":"http:\/\/birgits-blog.net\/index.php?rest_route=%2Fwp%2Fv2%2Fmedia&parent=258"}],"wp:term":[{"taxonomy":"category","embeddable":true,"href":"http:\/\/birgits-blog.net\/index.php?rest_route=%2Fwp%2Fv2%2Fcategories&post=258"},{"taxonomy":"post_tag","embeddable":true,"href":"http:\/\/birgits-blog.net\/index.php?rest_route=%2Fwp%2Fv2%2Ftags&post=258"}],"curies":[{"name":"wp","href":"https:\/\/api.w.org\/{rel}","templated":true}]}}