{"id":251,"date":"2011-10-07T15:41:38","date_gmt":"2011-10-07T13:41:38","guid":{"rendered":"http:\/\/birgits-blog.net\/?p=251"},"modified":"2012-04-11T03:23:10","modified_gmt":"2012-04-11T01:23:10","slug":"nichts-zusammenhangendes","status":"publish","type":"post","link":"http:\/\/birgits-blog.net\/?p=251","title":{"rendered":"Nichts Zusammenh\u00e4ngendes"},"content":{"rendered":"<p>Hm, wovon k\u00f6nnte ich denn mal erz\u00e4hlen? Vielleicht fragt ihr euch, was ich eigentlich den ganzen Tag so mache? Tja, das ist irgendwie eine gute Frage\u2026 Es ist wie auf dem Mittelaltermarkt, man wuselt die ganze Zeit rum und abends fragt man sich dann, wo der ganze Tag geblieben ist\u2026 Hier bleibt er wohl zu einem gro\u00dfen Prozentsatz beim Duschen (meist zweimal am Tag), beim essen kochen auf dem Gasherd, auf dem Weg mit dem Motorrad in die rund 4-5 km entfernte Innenstadt und bei vielen kleinen Basteleien. Dann schreiben wir nat\u00fcrlich noch viel f\u00fcr unsere Lieben daheim, also euch, und das will nat\u00fcrlich auch abgeschickt werden. Also ab ins Internetcafe. Und zwischen durch, ach ja, fast h\u00e4tte ich es vergessen, arbeiten wir ja auch noch ein bisschen. Normalerweise stehen wir so gegen 6 auf, dann wird erst mal das dreckige Geschirr vom Vorabend abger\u00e4umt, weil es da zum sp\u00fclen zu dunkel war, und gefr\u00fchst\u00fcckt. (Bei meinem Kommilitonen passiert das auch gerne mal in umgekehrter Reihenfolge.) An drei Tagen der Woche geht es dann wie bereits erw\u00e4hnt zur Grundschule, an den anderen Tagen helfen wir meist Clara oder arbeiten auf einer Chacra. Das dann allerdings meist nur f\u00fcr eine oder 2 \u00bd Stunden, weil das Gestr\u00fcpp kleinschlagen mit der Machete f\u00fcr uns arme Deutsche schon etwas anstrengend ist. Aber auch die Peruaner bevorzugen dazu die fr\u00fchen morgen- und Abendstunden (7-10, 16-18 Uhr) und das ist auch einer der wenigen Momente, wo man sie tats\u00e4chlich mal p\u00fcnktlich erlebt. Abends so gegen 6 geben wir dann \u00f6fters noch Deutschunterricht oder bekommen ein bisschen Spanischnachhilfe von der Gabriela. Vor ein paar Tagen haben auch noch zwei andere Frauen bei uns angefragt, weil sie im Dezember nach Deutschland wollen. Wir haben zugesagt, da es ja eh nur drei Monate sind und wir auf diese weise ein bisschen mehr Kontakt zu Peruanern bekommen ohne jeden Abend raus zu m\u00fcssen. Au\u00dferdem haben wir von denen auch schon eine Einladung auf eine Party bekommen, obwohl wir sie kaum kennen. Es war wohl vermutlich keine schlechte Entscheidung. Mal sehen, wie die erste Stunde wird.<br \/>\nAm Dienstag hatte Clara noch gegen 5 spontan angefragt, ob wir Lust haben, bei ihrem Papa auf der Chacra Aj\u00ed zu ernten (kleine rote, orange und gr\u00fcne K\u00fcgelchen die ziemlich scharf sind). Wir sind dann tats\u00e4chlich noch vorbei gegangen, obwohl wir uns schon recht kaputt f\u00fchlten. Ich kann nur sagen, dass es sich gelohnt hat: Pedro ist n\u00e4mlich irre nett und hat mir einige Ableger von herrlicher marokkanischer Minze geschenkt. Die werde ich jetzt quadratmeterweise vermehren und mir jeden Tag einen herrlichen hei\u00dfen Pfefferminztee mit ganz viel Zucker zum erfrischen machen. Dann brauch ich nur die Augen zu schlie\u00dfen und ich sitze bei Aziz vor dem Mokkastand und schl\u00fcrfe mit ihm und Merlin unseren 5-mal-am-Tag-nachmittags-Tee \ud83d\ude42 Au\u00dferdem hat Pedro mir noch zwei Kohlpfl\u00e4nzchen gegeben, die ich sofort in meine kleine Huerta (Gem\u00fcsegarten) pflanzen werde, sobald die mit besserer Erde und einem Zaun gegen die H\u00fchner versehen ist.<br \/>\nAch ja, und hatte ich eigentlich das Fest auf dem Feriagel\u00e4nde erw\u00e4hnt? Letzte Woche waren wir Montagabend und den ganzen Dienstag auf einer Veranstaltung, wo es Vorf\u00fchrungen gab, \u00f6rtliche Naturschutz- und Bauernorganisationen sich vorstellten und auch einiges an Schmuck und Handwerk verkauft wurde. Wir stellten das Ecocentro vor und verkauften unsere Produkte: Sternfruchtmarmelade, eingelegte Aj\u00eds, Fruchtmuss aus Banane, Maracuja und Copuaz\u00fa, Copuaz\u00fa-Cacao zum Aufl\u00f6sen in der Tasse und anfangs auch Copuaz\u00fa-Kuchen. Der war allerdings wie das immer so ist am beliebtesten und nachdem der weg war, wurde es ruhiger. So hatten wir dann auch mal Zeit uns den Rest anzuschauen und haben auch abends ein paar von den traditionellen indianischen T\u00e4nzen gesehen, die verschiedene Schulen und Tanzgruppen pr\u00e4sentierten. Ich hoffe, man kann auf dem Bild ein bisschen was erkennen.<br \/>\n<a href=\"http:\/\/birgits-blog.net\/wp-content\/uploads\/2011\/10\/Festival-im-Ort.jpg\"><img loading=\"lazy\" src=\"http:\/\/birgits-blog.net\/wp-content\/uploads\/designed\/v9.jpg\" alt=\"\" title=\"Festival im Ort\" width=\"473\" height=\"355\" class=\"aligncenter size-medium wp-image-252\" \/><\/a><br \/>\nIch hatte ja schon erw\u00e4hnt, dass wir das Motorrad, auf dem wir derzeitig noch immer zu zweit rumkurven, haben reparieren lassen. Leider war der dauerhafte Erfolg danach nur m\u00e4\u00dfig. Die Blinker sind schon kurz darauf wieder ausgefallen, deswegen m\u00fcssten wir eigentlich noch mal hin. Immer die Hand raushalten nervt schon\u2026 Au\u00dferdem ist die Kette raus gesprungen, nachdem das Bike einmal umgekippt ist. Am Montag hatten wir au\u00dferdem einen Platten\u2026 vielleicht mag das Motorrad uns nicht. Wenigstens geht die Bremse noch\u2026<br \/>\nVor ein paar Tagen habe ich mir nun endlich mal einen Helm gekauft. Urspr\u00fcnglich waren zwar zwei Helme da, ein viel zu gro\u00dfer mit zerkratztem Visier und ein einfacher Schalenhelm. Die passten mir beide nicht, aber aus gutem Willen setzte ich mir jedes Mal den l\u00e4dierten Schalenhelm auf, bis er eines Tages vom Motorrad viel, nachdem Felix mich zur Hauptstra\u00dfe gebracht hatte. Leider sind fast alle Helme, die man hier finden kann, viel zu gro\u00df, obwohl die Menschen doch so klein sind\u2026 In einem Gesch\u00e4ft neben dem blauen Markt bin ich aber doch f\u00fcndig geworden: Taddaa, ein Kinderhelm XD<br \/>\nDas Foto hier ist \u00fcbrigens extra f\u00fcr Isa, weil ich beim Kauf an sie denken musste \ud83d\ude42<br \/>\n<a href=\"http:\/\/birgits-blog.net\/wp-content\/uploads\/2011\/10\/mein-neuer-Helm.jpg\"><img loading=\"lazy\" src=\"http:\/\/birgits-blog.net\/wp-content\/uploads\/designed\/v4.jpg\" alt=\"\" title=\"mein neuer Helm\" width=\"480\" height=\"360\" class=\"aligncenter size-medium wp-image-253\" \/><\/a><\/p>\n<p>Felix war mit dem zerkratzten Visier auch nicht wirklich gl\u00fccklich, weil es vor allem im Dunkeln jeden Scheinwerfer bricht. Da er aber auch kein Ersatzteil fand, hat er nun eine Motorradbrille gekauft\u2026 mal sehen, ob die besser ist.<br \/>\nAn diesem Wochenende wollen wir uns wahrscheinlich noch mal die anstrengende Tour nach Cuzco antun, weil Bekannte vom Felix da sein werden. Wahrscheinlich hei\u00dft, dass ich mir noch nicht so recht sicher bin weil der Felix es nach Wochen ja doch mal geschafft hat mich mit seiner Erk\u00e4ltung anzustecken. Die letzten Tage war das eigentlich nicht dramatisch, weil es hier sch\u00f6n warm ist, aber jetzt f\u00fchl ich mich doch ein bisschen schlapp und Cuzco ist so kalt\u2026 Zudem habe ich ja derzeitig auch noch ein bisschen Probleme auf mein Konto zuzugreifen\u2026 Nuja, bis Freitag ist ja noch Zeit zu \u00fcberlegen und wie ich mich entschieden habe erz\u00e4hle ich dann beim n\u00e4chsten Mal.<\/p>\n<p>Ach ja, und noch etwas: Mir ist schon \u00f6fters aufgefallen, dass viele Menschen im Supermarkt leckere Fr\u00fcchte wie zum Beispiel Ananas oder Mango kaufen, ohne \u00fcberhaupt zu wissen, wie die Pflanze eigentlich aussieht. Ich finde, das ist ein unhaltbarer Zustand und so m\u00f6chte ich mich in die Reihe der \u201eK\u00fche sind nicht Lila\u201c- und \u201eStrom kommt nicht aus der Steckdose\u201c-Aufkl\u00e4rer einreihen und euch ein paar Pflanzen von hier zeigen.<br \/>\nDen Anfang macht der Baum Maranon, weil der mich selber \u00fcberrascht hat. So sieht er aus:<br \/>\n<a href=\"http:\/\/birgits-blog.net\/wp-content\/uploads\/2011\/10\/Maranon-Cashewbaum.jpg\"><img loading=\"lazy\" src=\"http:\/\/birgits-blog.net\/wp-content\/uploads\/designed\/v6.jpg\" alt=\"\" title=\"Marano~n Baum\" width=\"480\" height=\"640\" class=\"aligncenter size-medium wp-image-255\" \/><\/a><br \/>\nNa, erkennt ihr, was da f\u00fcr Fr\u00fcchte dran h\u00e4ngen? Hier noch mal in gr\u00f6\u00dfer:<br \/>\n<a href=\"http:\/\/birgits-blog.net\/wp-content\/uploads\/2011\/10\/Maranon-Cashew.jpg\"><img loading=\"lazy\" src=\"http:\/\/birgits-blog.net\/wp-content\/uploads\/designed\/v7.jpg\" alt=\"\" title=\"Marano~n - Cashew\" width=\"480\" height=\"355\" class=\"aligncenter size-medium wp-image-254\" \/><\/a><br \/>\nJap, genau, das ist nichts anderes als ein Cashew-Baum \ud83d\ude09 In den Kapseln unter der Frucht steckt der Kern, der gesch\u00e4lt und ger\u00f6stet wird und dann vernascht werden kann. Vielleicht probiere ich das in den n\u00e4chsten Tagen mal aus\u2026 Dieser Baum steht n\u00e4mlich auf halbem weg zwischen meinem Zimmer und dem Klo. Seine Fr\u00fcchte sind recht klein und rot, als wir aber an einem der ersten Tage mit Luis und Hermann essen gingen, begegnete uns eine relativ gro\u00dfe und gelbe Frucht, die, wie man uns sagte, s\u00fc\u00df oder herzhaft zubereitet werden kann. Wir tranken auch einen Saft davon, der mir pers\u00f6nlich allerdings nicht wirklich schmeckte. Er hinterlie\u00df einen leichten Pelz auf der Zunge. Insgeheim schoben Felix und ich die Magenprobleme, die wir am n\u00e4chsten Tag hatten, auch auf das Gebr\u00e4u, denn der Geruch der am Boden liegenden Fr\u00fcchte erzeugte in mir immer wieder eine leichte Abneigung.<br \/>\nSoweit erst mal lieben Gru\u00df!<\/p>\n","protected":false},"excerpt":{"rendered":"<p>Hm, wovon k\u00f6nnte ich denn mal erz\u00e4hlen? Vielleicht fragt ihr euch, was ich eigentlich den ganzen Tag so mache? Tja, das ist irgendwie eine gute Frage\u2026 Es ist wie auf dem Mittelaltermarkt, man wuselt die ganze Zeit rum und abends fragt man sich dann, wo der ganze Tag geblieben ist\u2026 Hier bleibt er wohl zu [&hellip;]<\/p>\n","protected":false},"author":1,"featured_media":0,"comment_status":"open","ping_status":"open","sticky":false,"template":"","format":"standard","meta":[],"categories":[8],"tags":[],"_links":{"self":[{"href":"http:\/\/birgits-blog.net\/index.php?rest_route=\/wp\/v2\/posts\/251"}],"collection":[{"href":"http:\/\/birgits-blog.net\/index.php?rest_route=\/wp\/v2\/posts"}],"about":[{"href":"http:\/\/birgits-blog.net\/index.php?rest_route=\/wp\/v2\/types\/post"}],"author":[{"embeddable":true,"href":"http:\/\/birgits-blog.net\/index.php?rest_route=\/wp\/v2\/users\/1"}],"replies":[{"embeddable":true,"href":"http:\/\/birgits-blog.net\/index.php?rest_route=%2Fwp%2Fv2%2Fcomments&post=251"}],"version-history":[{"count":5,"href":"http:\/\/birgits-blog.net\/index.php?rest_route=\/wp\/v2\/posts\/251\/revisions"}],"predecessor-version":[{"id":449,"href":"http:\/\/birgits-blog.net\/index.php?rest_route=\/wp\/v2\/posts\/251\/revisions\/449"}],"wp:attachment":[{"href":"http:\/\/birgits-blog.net\/index.php?rest_route=%2Fwp%2Fv2%2Fmedia&parent=251"}],"wp:term":[{"taxonomy":"category","embeddable":true,"href":"http:\/\/birgits-blog.net\/index.php?rest_route=%2Fwp%2Fv2%2Fcategories&post=251"},{"taxonomy":"post_tag","embeddable":true,"href":"http:\/\/birgits-blog.net\/index.php?rest_route=%2Fwp%2Fv2%2Ftags&post=251"}],"curies":[{"name":"wp","href":"https:\/\/api.w.org\/{rel}","templated":true}]}}